{"id":42153,"count":29,"description":"","link":"https:\/\/stepstojustice.ca\/fr\/legal-topic\/abuse-and-family-violence\/abuse-people-disabilities\/","name":"Abuse of people with disabilities","slug":"abuse-people-disabilities","taxonomy":"legal-topic","parent":42142,"meta":[],"yoast_head":"<!-- This site is optimized with the Yoast SEO Premium plugin v23.9 (Yoast SEO v23.9) - https:\/\/yoast.com\/wordpress\/plugins\/seo\/ -->\n<title>Abuse of people with disabilities - Justice pas-\u00e0-pas<\/title>\n<meta name=\"robots\" content=\"index, follow, max-snippet:-1, max-image-preview:large, max-video-preview:-1\" \/>\n<link rel=\"canonical\" href=\"https:\/\/stepstojustice.ca\/fr\/legal-topic\/abuse-and-family-violence\/abuse-people-disabilities\/\" \/>\n<meta property=\"og:locale\" content=\"fr_FR\" \/>\n<meta property=\"og:type\" content=\"article\" \/>\n<meta property=\"og:title\" content=\"Abuse of people with disabilities Archives - Justice pas-\u00e0-pas\" \/>\n<meta property=\"og:url\" content=\"https:\/\/stepstojustice.ca\/fr\/legal-topic\/abuse-and-family-violence\/abuse-people-disabilities\/\" \/>\n<meta property=\"og:site_name\" content=\"Justice pas-\u00e0-pas\" \/>\n<meta property=\"og:image\" content=\"https:\/\/stepstojustice.ca\/wp-content\/uploads\/Steps-to-Justice-logo.jpg\" \/>\n\t<meta property=\"og:image:width\" content=\"1200\" \/>\n\t<meta property=\"og:image:height\" content=\"650\" \/>\n\t<meta property=\"og:image:type\" content=\"image\/jpeg\" \/>\n<meta name=\"twitter:card\" content=\"summary_large_image\" \/>\n<meta name=\"twitter:site\" content=\"@CLEOLegalRights\" \/>\n<script type=\"application\/ld+json\" class=\"yoast-schema-graph\">{\"@context\":\"https:\/\/schema.org\",\"@graph\":[{\"@type\":\"CollectionPage\",\"@id\":\"https:\/\/stepstojustice.ca\/fr\/legal-topic\/abuse-and-family-violence\/abuse-people-disabilities\/\",\"url\":\"https:\/\/stepstojustice.ca\/fr\/legal-topic\/abuse-and-family-violence\/abuse-people-disabilities\/\",\"name\":\"Abuse of people with disabilities - Justice pas-\u00e0-pas\",\"isPartOf\":{\"@id\":\"https:\/\/stepstojustice.ca\/fr\/#website\"},\"breadcrumb\":{\"@id\":\"https:\/\/stepstojustice.ca\/fr\/legal-topic\/abuse-and-family-violence\/abuse-people-disabilities\/#breadcrumb\"},\"inLanguage\":\"fr-FR\"},{\"@type\":\"BreadcrumbList\",\"@id\":\"https:\/\/stepstojustice.ca\/fr\/legal-topic\/abuse-and-family-violence\/abuse-people-disabilities\/#breadcrumb\",\"itemListElement\":[{\"@type\":\"ListItem\",\"position\":1,\"name\":\"Home\",\"item\":\"https:\/\/stepstojustice.ca\/fr\/\"},{\"@type\":\"ListItem\",\"position\":2,\"name\":\"Abuse and Family Violence\",\"item\":\"https:\/\/stepstojustice.ca\/fr\/legal-topic\/abuse-and-family-violence\/\"},{\"@type\":\"ListItem\",\"position\":3,\"name\":\"Abuse of people with disabilities\"}]},{\"@type\":\"WebSite\",\"@id\":\"https:\/\/stepstojustice.ca\/fr\/#website\",\"url\":\"https:\/\/stepstojustice.ca\/fr\/\",\"name\":\"Justice pas-\u00e0-pas\",\"description\":\"Step-by-step information about legal problems\",\"publisher\":{\"@id\":\"https:\/\/stepstojustice.ca\/fr\/#organization\"},\"potentialAction\":[{\"@type\":\"SearchAction\",\"target\":{\"@type\":\"EntryPoint\",\"urlTemplate\":\"https:\/\/stepstojustice.ca\/fr\/?s={search_term_string}\"},\"query-input\":{\"@type\":\"PropertyValueSpecification\",\"valueRequired\":true,\"valueName\":\"search_term_string\"}}],\"inLanguage\":\"fr-FR\"},{\"@type\":\"Organization\",\"@id\":\"https:\/\/stepstojustice.ca\/fr\/#organization\",\"name\":\"Justice pas-\u00e0-pas\",\"url\":\"https:\/\/stepstojustice.ca\/fr\/\",\"logo\":{\"@type\":\"ImageObject\",\"inLanguage\":\"fr-FR\",\"@id\":\"https:\/\/stepstojustice.ca\/fr\/#\/schema\/logo\/image\/\",\"url\":\"https:\/\/stepstojustice.ca\/wp-content\/uploads\/2020\/10\/logo-s2j.png\",\"contentUrl\":\"https:\/\/stepstojustice.ca\/wp-content\/uploads\/2020\/10\/logo-s2j.png\",\"width\":1000,\"height\":146,\"caption\":\"Justice pas-\u00e0-pas\"},\"image\":{\"@id\":\"https:\/\/stepstojustice.ca\/fr\/#\/schema\/logo\/image\/\"},\"sameAs\":[\"https:\/\/www.facebook.com\/CLEOLegalRights\/\",\"https:\/\/x.com\/CLEOLegalRights\",\"https:\/\/www.instagram.com\/communitylegaleducationon\/\"]}]}<\/script>\n<!-- \/ Yoast SEO Premium plugin. -->","yoast_head_json":{"title":"Abuse of people with disabilities - Justice pas-\u00e0-pas","robots":{"index":"index","follow":"follow","max-snippet":"max-snippet:-1","max-image-preview":"max-image-preview:large","max-video-preview":"max-video-preview:-1"},"canonical":"https:\/\/stepstojustice.ca\/fr\/legal-topic\/abuse-and-family-violence\/abuse-people-disabilities\/","og_locale":"fr_FR","og_type":"article","og_title":"Abuse of people with disabilities Archives - Justice pas-\u00e0-pas","og_url":"https:\/\/stepstojustice.ca\/fr\/legal-topic\/abuse-and-family-violence\/abuse-people-disabilities\/","og_site_name":"Justice pas-\u00e0-pas","og_image":[{"width":1200,"height":650,"url":"https:\/\/stepstojustice.ca\/wp-content\/uploads\/Steps-to-Justice-logo.jpg","type":"image\/jpeg"}],"twitter_card":"summary_large_image","twitter_site":"@CLEOLegalRights","schema":{"@context":"https:\/\/schema.org","@graph":[{"@type":"CollectionPage","@id":"https:\/\/stepstojustice.ca\/fr\/legal-topic\/abuse-and-family-violence\/abuse-people-disabilities\/","url":"https:\/\/stepstojustice.ca\/fr\/legal-topic\/abuse-and-family-violence\/abuse-people-disabilities\/","name":"Abuse of people with disabilities - Justice pas-\u00e0-pas","isPartOf":{"@id":"https:\/\/stepstojustice.ca\/fr\/#website"},"breadcrumb":{"@id":"https:\/\/stepstojustice.ca\/fr\/legal-topic\/abuse-and-family-violence\/abuse-people-disabilities\/#breadcrumb"},"inLanguage":"fr-FR"},{"@type":"BreadcrumbList","@id":"https:\/\/stepstojustice.ca\/fr\/legal-topic\/abuse-and-family-violence\/abuse-people-disabilities\/#breadcrumb","itemListElement":[{"@type":"ListItem","position":1,"name":"Home","item":"https:\/\/stepstojustice.ca\/fr\/"},{"@type":"ListItem","position":2,"name":"Abuse and Family Violence","item":"https:\/\/stepstojustice.ca\/fr\/legal-topic\/abuse-and-family-violence\/"},{"@type":"ListItem","position":3,"name":"Abuse of people with disabilities"}]},{"@type":"WebSite","@id":"https:\/\/stepstojustice.ca\/fr\/#website","url":"https:\/\/stepstojustice.ca\/fr\/","name":"Justice pas-\u00e0-pas","description":"Step-by-step information about legal problems","publisher":{"@id":"https:\/\/stepstojustice.ca\/fr\/#organization"},"potentialAction":[{"@type":"SearchAction","target":{"@type":"EntryPoint","urlTemplate":"https:\/\/stepstojustice.ca\/fr\/?s={search_term_string}"},"query-input":{"@type":"PropertyValueSpecification","valueRequired":true,"valueName":"search_term_string"}}],"inLanguage":"fr-FR"},{"@type":"Organization","@id":"https:\/\/stepstojustice.ca\/fr\/#organization","name":"Justice pas-\u00e0-pas","url":"https:\/\/stepstojustice.ca\/fr\/","logo":{"@type":"ImageObject","inLanguage":"fr-FR","@id":"https:\/\/stepstojustice.ca\/fr\/#\/schema\/logo\/image\/","url":"https:\/\/stepstojustice.ca\/wp-content\/uploads\/2020\/10\/logo-s2j.png","contentUrl":"https:\/\/stepstojustice.ca\/wp-content\/uploads\/2020\/10\/logo-s2j.png","width":1000,"height":146,"caption":"Justice pas-\u00e0-pas"},"image":{"@id":"https:\/\/stepstojustice.ca\/fr\/#\/schema\/logo\/image\/"},"sameAs":["https:\/\/www.facebook.com\/CLEOLegalRights\/","https:\/\/x.com\/CLEOLegalRights","https:\/\/www.instagram.com\/communitylegaleducationon\/"]}]}},"meta_box":{"legal_topic_to_resources_to":["1194912","1184127","1182732","1180923","1184171"],"legal_topic_to_alerts_to":[],"legal_topic_icon":[],"legal_topic_icon_image":[],"legal_topic_content":"<p>Includes information about abuse of people with developmental or intellectual disabilities, such as physical abuse, sexual abuse, emotional or psychological abuse, financial abuse, neglect. Also includes, emotional support, legal help, calling the police, reporting to ReportON, reporting to the Ombudsman, reporting to LHIN, applying to the Criminal Injuries Compensation Board, and suing in Small Claims Court.  <\/p>\n","legal_topic_title_fr":"Abus \u00e0 l\u2019encontre des personnes handicap\u00e9es","legal_topic_content_fr":"<p>Inclut des informations sur la maltraitance des personnes ayant une d\u00e9ficience intellectuelle ou d\u00e9veloppementale, telle que l\u2019abus physique, l\u2019abus sexuel, la maltraitance \u00e9motionnelle ou psychologique, l\u2019exploitation financi\u00e8re, la n\u00e9gligence. Comprend \u00e9galement le soutien affectif, l'assistance juridique, les appels \u00e0 la police, les plaintes \u00e0 ReportON, les plaintes \u00e0 l'ombudsman, les plaintes au RLISS, les requ\u00eates \u00e0 la Commission d'indemnisation des victimes d'actes criminels et les poursuites devant la Cour des petites cr\u00e9ances.<\/p>\n"},"_links":{"self":[{"href":"https:\/\/stepstojustice.ca\/fr\/wp-json\/wp\/v2\/legal-topic\/42153","targetHints":{"allow":["GET"]}}],"collection":[{"href":"https:\/\/stepstojustice.ca\/fr\/wp-json\/wp\/v2\/legal-topic"}],"about":[{"href":"https:\/\/stepstojustice.ca\/fr\/wp-json\/wp\/v2\/taxonomies\/legal-topic"}],"up":[{"embeddable":true,"href":"https:\/\/stepstojustice.ca\/fr\/wp-json\/wp\/v2\/legal-topic\/42142"}],"wp:post_type":[{"href":"https:\/\/stepstojustice.ca\/fr\/wp-json\/wp\/v2\/glossary-term?legal-topic=42153"},{"href":"https:\/\/stepstojustice.ca\/fr\/wp-json\/wp\/v2\/organization?legal-topic=42153"},{"href":"https:\/\/stepstojustice.ca\/fr\/wp-json\/wp\/v2\/questions?legal-topic=42153"},{"href":"https:\/\/stepstojustice.ca\/fr\/wp-json\/wp\/v2\/post?legal-topic=42153"}],"curies":[{"name":"wp","href":"https:\/\/api.w.org\/{rel}","templated":true}]}}