{"id":1180361,"date":"2019-02-14T16:28:56","date_gmt":"2019-02-14T21:28:56","guid":{"rendered":""},"modified":"2020-06-02T05:03:26","modified_gmt":"2020-06-02T05:03:26","slug":"droit-de-l-immigration-modifications-relatives-aux-situations-particuli-res-et-inhabituelles-de-d-tresse","status":"publish","type":"post","link":"https:\/\/stepstojustice.ca\/fr\/news\/droit-de-l-immigration-modifications-relatives-aux-situations-particuli-res-et-inhabituelles-de-d-tresse\/","title":{"rendered":"Droit de l&#8217;immigration : modifications relatives aux situations particuli\u00e8res et inhabituelles de d\u00e9tresse"},"content":{"rendered":"<p>Justice pas-\u00e0-pas a mis \u00e0 jour des informations suite \u00e0 la d\u00e9cision de la Cour f\u00e9d\u00e9rale qui pr\u00e9cise que les personnes qui demandent la citoyennet\u00e9 et qui font face \u00e0 \u00ab des situations particuli\u00e8res et inhabituelles de d\u00e9tresse \u00bb peuvent <a href=\"https:\/\/stepstojustice.ca\/fr\/questions\/immigration\/je-suis-r%C3%A9sident-permanent-comment-faire-une-demande-de-citoyennet%C3%A9-canadienne\">demander une dispense des frais<\/a>.<\/p>\n<!-- AddThis Advanced Settings generic via filter on the_content --><!-- AddThis Share Buttons generic via filter on the_content -->","protected":false},"excerpt":{"rendered":"<p>Justice pas-\u00e0-pas a mis \u00e0 jour des informations suite \u00e0 la d\u00e9cision de la Cour f\u00e9d\u00e9rale qui pr\u00e9cise que les personnes qui demandent la citoyennet\u00e9 et qui font face \u00e0 \u00ab des situations particuli\u00e8res et inhabituelles de d\u00e9tresse \u00bb peuvent <a href=\"https:\/\/stepstojustice.ca\/fr\/questions\/immigration\/je-suis-r%C3%A9sident-permanent-comment-faire-une-demande-de-citoyennet%C3%A9-canadienne\">demander une dispense des frais<\/a>.<!-- AddThis Advanced Settings generic via filter on get_the_excerpt --><!-- AddThis Share Buttons generic via filter on get_the_excerpt --><\/p>\n","protected":false},"author":3,"featured_media":0,"comment_status":"open","ping_status":"open","sticky":false,"template":"","format":"standard","meta":{"ub_ctt_via":"","inline_featured_image":false,"footnotes":""},"categories":[],"tags":[],"legal-topic":[42150,42410],"class_list":["post-1180361","post","type-post","status-publish","format-standard","hentry","legal-topic-immigration","legal-topic-citizenship"],"featured_image_src":null,"author_info":{"display_name":"CLEO","author_link":"https:\/\/stepstojustice.ca\/fr\/author\/cleo\/"},"yoast_head":"<!-- This site is optimized with the Yoast SEO Premium plugin v23.9 (Yoast SEO v23.9) - https:\/\/yoast.com\/wordpress\/plugins\/seo\/ -->\n<title>Droit de l&#039;immigration : modifications relatives aux situations particuli\u00e8res et inhabituelles de d\u00e9tresse - Justice pas-\u00e0-pas<\/title>\n<meta name=\"description\" content=\"Justice pas-\u00e0-pas a mis \u00e0 jour des informations suite \u00e0 la d\u00e9cision de la Cour f\u00e9d\u00e9rale qui pr\u00e9cise que les personnes qui demandent la citoyennet\u00e9 et qui\" \/>\n<meta name=\"robots\" content=\"index, follow, max-snippet:-1, max-image-preview:large, max-video-preview:-1\" \/>\n<link rel=\"canonical\" href=\"https:\/\/stepstojustice.ca\/fr\/news\/droit-de-l-immigration-modifications-relatives-aux-situations-particuli-res-et-inhabituelles-de-d-tresse\/\" \/>\n<meta property=\"og:locale\" content=\"fr_FR\" \/>\n<meta property=\"og:type\" content=\"article\" \/>\n<meta property=\"og:title\" content=\"Droit de l&#039;immigration : modifications relatives aux situations particuli\u00e8res et inhabituelles de d\u00e9tresse - Justice pas-\u00e0-pas\" \/>\n<meta property=\"og:description\" content=\"Justice pas-\u00e0-pas a mis \u00e0 jour des informations suite \u00e0 la d\u00e9cision de la Cour f\u00e9d\u00e9rale qui pr\u00e9cise que les personnes qui demandent la citoyennet\u00e9 et qui\" \/>\n<meta property=\"og:url\" content=\"https:\/\/stepstojustice.ca\/fr\/news\/droit-de-l-immigration-modifications-relatives-aux-situations-particuli-res-et-inhabituelles-de-d-tresse\/\" \/>\n<meta property=\"og:site_name\" content=\"Justice pas-\u00e0-pas\" \/>\n<meta property=\"article:publisher\" content=\"https:\/\/www.facebook.com\/CLEOLegalRights\/\" \/>\n<meta property=\"article:published_time\" content=\"-0001-11-30T00:00:00+00:00\" \/>\n<meta property=\"article:modified_time\" content=\"2020-06-02T05:03:26+00:00\" \/>\n<meta property=\"og:image\" content=\"https:\/\/stepstojustice.ca\/wp-content\/uploads\/Steps-to-Justice-logo.jpg\" \/>\n\t<meta property=\"og:image:width\" content=\"1200\" \/>\n\t<meta property=\"og:image:height\" content=\"650\" \/>\n\t<meta property=\"og:image:type\" content=\"image\/jpeg\" \/>\n<meta name=\"author\" content=\"CLEO\" \/>\n<meta name=\"twitter:card\" content=\"summary_large_image\" \/>\n<meta name=\"twitter:creator\" content=\"@CLEOLegalRights\" \/>\n<meta name=\"twitter:site\" content=\"@CLEOLegalRights\" \/>\n<meta name=\"twitter:label1\" content=\"Written by\" \/>\n\t<meta name=\"twitter:data1\" content=\"CLEO\" \/>\n<script type=\"application\/ld+json\" class=\"yoast-schema-graph\">{\"@context\":\"https:\/\/schema.org\",\"@graph\":[{\"@type\":\"Article\",\"@id\":\"https:\/\/stepstojustice.ca\/fr\/news\/droit-de-l-immigration-modifications-relatives-aux-situations-particuli-res-et-inhabituelles-de-d-tresse\/#article\",\"isPartOf\":{\"@id\":\"https:\/\/stepstojustice.ca\/fr\/news\/droit-de-l-immigration-modifications-relatives-aux-situations-particuli-res-et-inhabituelles-de-d-tresse\/\"},\"author\":{\"name\":\"CLEO\",\"@id\":\"https:\/\/stepstojustice.ca\/fr\/#\/schema\/person\/a5ba305efd9510a353f9a3f3ef918c09\"},\"headline\":\"Droit de l&#8217;immigration : modifications relatives aux situations particuli\u00e8res et inhabituelles de d\u00e9tresse\",\"datePublished\":\"-0001-11-30T00:00:00+00:00\",\"dateModified\":\"2020-06-02T05:03:26+00:00\",\"mainEntityOfPage\":{\"@id\":\"https:\/\/stepstojustice.ca\/fr\/news\/droit-de-l-immigration-modifications-relatives-aux-situations-particuli-res-et-inhabituelles-de-d-tresse\/\"},\"wordCount\":61,\"commentCount\":0,\"publisher\":{\"@id\":\"https:\/\/stepstojustice.ca\/fr\/#organization\"},\"inLanguage\":\"fr-FR\",\"potentialAction\":[{\"@type\":\"CommentAction\",\"name\":\"Comment\",\"target\":[\"https:\/\/stepstojustice.ca\/fr\/news\/droit-de-l-immigration-modifications-relatives-aux-situations-particuli-res-et-inhabituelles-de-d-tresse\/#respond\"]}]},{\"@type\":\"WebPage\",\"@id\":\"https:\/\/stepstojustice.ca\/fr\/news\/droit-de-l-immigration-modifications-relatives-aux-situations-particuli-res-et-inhabituelles-de-d-tresse\/\",\"url\":\"https:\/\/stepstojustice.ca\/fr\/news\/droit-de-l-immigration-modifications-relatives-aux-situations-particuli-res-et-inhabituelles-de-d-tresse\/\",\"name\":\"Droit de l'immigration : modifications relatives aux situations particuli\u00e8res et inhabituelles de d\u00e9tresse - Justice pas-\u00e0-pas\",\"isPartOf\":{\"@id\":\"https:\/\/stepstojustice.ca\/fr\/#website\"},\"datePublished\":\"-0001-11-30T00:00:00+00:00\",\"dateModified\":\"2020-06-02T05:03:26+00:00\",\"description\":\"Justice pas-\u00e0-pas a mis \u00e0 jour des informations suite \u00e0 la d\u00e9cision de la Cour f\u00e9d\u00e9rale qui pr\u00e9cise que les personnes qui demandent la citoyennet\u00e9 et qui\",\"breadcrumb\":{\"@id\":\"https:\/\/stepstojustice.ca\/fr\/news\/droit-de-l-immigration-modifications-relatives-aux-situations-particuli-res-et-inhabituelles-de-d-tresse\/#breadcrumb\"},\"inLanguage\":\"fr-FR\",\"potentialAction\":[{\"@type\":\"ReadAction\",\"target\":[\"https:\/\/stepstojustice.ca\/fr\/news\/droit-de-l-immigration-modifications-relatives-aux-situations-particuli-res-et-inhabituelles-de-d-tresse\/\"]}]},{\"@type\":\"BreadcrumbList\",\"@id\":\"https:\/\/stepstojustice.ca\/fr\/news\/droit-de-l-immigration-modifications-relatives-aux-situations-particuli-res-et-inhabituelles-de-d-tresse\/#breadcrumb\",\"itemListElement\":[{\"@type\":\"ListItem\",\"position\":1,\"name\":\"Home\",\"item\":\"https:\/\/stepstojustice.ca\/fr\/\"},{\"@type\":\"ListItem\",\"position\":2,\"name\":\"Droit de l&#8217;immigration : modifications relatives aux situations particuli\u00e8res et inhabituelles de d\u00e9tresse\"}]},{\"@type\":\"WebSite\",\"@id\":\"https:\/\/stepstojustice.ca\/fr\/#website\",\"url\":\"https:\/\/stepstojustice.ca\/fr\/\",\"name\":\"Justice pas-\u00e0-pas\",\"description\":\"Step-by-step information about legal problems\",\"publisher\":{\"@id\":\"https:\/\/stepstojustice.ca\/fr\/#organization\"},\"potentialAction\":[{\"@type\":\"SearchAction\",\"target\":{\"@type\":\"EntryPoint\",\"urlTemplate\":\"https:\/\/stepstojustice.ca\/fr\/?s={search_term_string}\"},\"query-input\":{\"@type\":\"PropertyValueSpecification\",\"valueRequired\":true,\"valueName\":\"search_term_string\"}}],\"inLanguage\":\"fr-FR\"},{\"@type\":\"Organization\",\"@id\":\"https:\/\/stepstojustice.ca\/fr\/#organization\",\"name\":\"Justice pas-\u00e0-pas\",\"url\":\"https:\/\/stepstojustice.ca\/fr\/\",\"logo\":{\"@type\":\"ImageObject\",\"inLanguage\":\"fr-FR\",\"@id\":\"https:\/\/stepstojustice.ca\/fr\/#\/schema\/logo\/image\/\",\"url\":\"https:\/\/stepstojustice.ca\/wp-content\/uploads\/2020\/10\/logo-s2j.png\",\"contentUrl\":\"https:\/\/stepstojustice.ca\/wp-content\/uploads\/2020\/10\/logo-s2j.png\",\"width\":1000,\"height\":146,\"caption\":\"Justice pas-\u00e0-pas\"},\"image\":{\"@id\":\"https:\/\/stepstojustice.ca\/fr\/#\/schema\/logo\/image\/\"},\"sameAs\":[\"https:\/\/www.facebook.com\/CLEOLegalRights\/\",\"https:\/\/x.com\/CLEOLegalRights\",\"https:\/\/www.instagram.com\/communitylegaleducationon\/\"]},{\"@type\":\"Person\",\"@id\":\"https:\/\/stepstojustice.ca\/fr\/#\/schema\/person\/a5ba305efd9510a353f9a3f3ef918c09\",\"name\":\"CLEO\",\"image\":{\"@type\":\"ImageObject\",\"inLanguage\":\"fr-FR\",\"@id\":\"https:\/\/stepstojustice.ca\/fr\/#\/schema\/person\/image\/\",\"url\":\"https:\/\/secure.gravatar.com\/avatar\/1ca94e85c3ccc165a31c5dc61eb4279e?s=96&d=mm&r=g\",\"contentUrl\":\"https:\/\/secure.gravatar.com\/avatar\/1ca94e85c3ccc165a31c5dc61eb4279e?s=96&d=mm&r=g\",\"caption\":\"CLEO\"}}]}<\/script>\n<!-- \/ Yoast SEO Premium plugin. -->","yoast_head_json":{"title":"Droit de l'immigration : modifications relatives aux situations particuli\u00e8res et inhabituelles de d\u00e9tresse - Justice pas-\u00e0-pas","description":"Justice pas-\u00e0-pas a mis \u00e0 jour des informations suite \u00e0 la d\u00e9cision de la Cour f\u00e9d\u00e9rale qui pr\u00e9cise que les personnes qui demandent la citoyennet\u00e9 et qui","robots":{"index":"index","follow":"follow","max-snippet":"max-snippet:-1","max-image-preview":"max-image-preview:large","max-video-preview":"max-video-preview:-1"},"canonical":"https:\/\/stepstojustice.ca\/fr\/news\/droit-de-l-immigration-modifications-relatives-aux-situations-particuli-res-et-inhabituelles-de-d-tresse\/","og_locale":"fr_FR","og_type":"article","og_title":"Droit de l'immigration : modifications relatives aux situations particuli\u00e8res et inhabituelles de d\u00e9tresse - Justice pas-\u00e0-pas","og_description":"Justice pas-\u00e0-pas a mis \u00e0 jour des informations suite \u00e0 la d\u00e9cision de la Cour f\u00e9d\u00e9rale qui pr\u00e9cise que les personnes qui demandent la citoyennet\u00e9 et qui","og_url":"https:\/\/stepstojustice.ca\/fr\/news\/droit-de-l-immigration-modifications-relatives-aux-situations-particuli-res-et-inhabituelles-de-d-tresse\/","og_site_name":"Justice pas-\u00e0-pas","article_publisher":"https:\/\/www.facebook.com\/CLEOLegalRights\/","article_published_time":"-0001-11-30T00:00:00+00:00","article_modified_time":"2020-06-02T05:03:26+00:00","og_image":[{"width":1200,"height":650,"url":"https:\/\/stepstojustice.ca\/wp-content\/uploads\/Steps-to-Justice-logo.jpg","type":"image\/jpeg"}],"author":"CLEO","twitter_card":"summary_large_image","twitter_creator":"@CLEOLegalRights","twitter_site":"@CLEOLegalRights","twitter_misc":{"Written by":"CLEO"},"schema":{"@context":"https:\/\/schema.org","@graph":[{"@type":"Article","@id":"https:\/\/stepstojustice.ca\/fr\/news\/droit-de-l-immigration-modifications-relatives-aux-situations-particuli-res-et-inhabituelles-de-d-tresse\/#article","isPartOf":{"@id":"https:\/\/stepstojustice.ca\/fr\/news\/droit-de-l-immigration-modifications-relatives-aux-situations-particuli-res-et-inhabituelles-de-d-tresse\/"},"author":{"name":"CLEO","@id":"https:\/\/stepstojustice.ca\/fr\/#\/schema\/person\/a5ba305efd9510a353f9a3f3ef918c09"},"headline":"Droit de l&#8217;immigration : modifications relatives aux situations particuli\u00e8res et inhabituelles de d\u00e9tresse","datePublished":"-0001-11-30T00:00:00+00:00","dateModified":"2020-06-02T05:03:26+00:00","mainEntityOfPage":{"@id":"https:\/\/stepstojustice.ca\/fr\/news\/droit-de-l-immigration-modifications-relatives-aux-situations-particuli-res-et-inhabituelles-de-d-tresse\/"},"wordCount":61,"commentCount":0,"publisher":{"@id":"https:\/\/stepstojustice.ca\/fr\/#organization"},"inLanguage":"fr-FR","potentialAction":[{"@type":"CommentAction","name":"Comment","target":["https:\/\/stepstojustice.ca\/fr\/news\/droit-de-l-immigration-modifications-relatives-aux-situations-particuli-res-et-inhabituelles-de-d-tresse\/#respond"]}]},{"@type":"WebPage","@id":"https:\/\/stepstojustice.ca\/fr\/news\/droit-de-l-immigration-modifications-relatives-aux-situations-particuli-res-et-inhabituelles-de-d-tresse\/","url":"https:\/\/stepstojustice.ca\/fr\/news\/droit-de-l-immigration-modifications-relatives-aux-situations-particuli-res-et-inhabituelles-de-d-tresse\/","name":"Droit de l'immigration : modifications relatives aux situations particuli\u00e8res et inhabituelles de d\u00e9tresse - Justice pas-\u00e0-pas","isPartOf":{"@id":"https:\/\/stepstojustice.ca\/fr\/#website"},"datePublished":"-0001-11-30T00:00:00+00:00","dateModified":"2020-06-02T05:03:26+00:00","description":"Justice pas-\u00e0-pas a mis \u00e0 jour des informations suite \u00e0 la d\u00e9cision de la Cour f\u00e9d\u00e9rale qui pr\u00e9cise que les personnes qui demandent la citoyennet\u00e9 et qui","breadcrumb":{"@id":"https:\/\/stepstojustice.ca\/fr\/news\/droit-de-l-immigration-modifications-relatives-aux-situations-particuli-res-et-inhabituelles-de-d-tresse\/#breadcrumb"},"inLanguage":"fr-FR","potentialAction":[{"@type":"ReadAction","target":["https:\/\/stepstojustice.ca\/fr\/news\/droit-de-l-immigration-modifications-relatives-aux-situations-particuli-res-et-inhabituelles-de-d-tresse\/"]}]},{"@type":"BreadcrumbList","@id":"https:\/\/stepstojustice.ca\/fr\/news\/droit-de-l-immigration-modifications-relatives-aux-situations-particuli-res-et-inhabituelles-de-d-tresse\/#breadcrumb","itemListElement":[{"@type":"ListItem","position":1,"name":"Home","item":"https:\/\/stepstojustice.ca\/fr\/"},{"@type":"ListItem","position":2,"name":"Droit de l&#8217;immigration : modifications relatives aux situations particuli\u00e8res et inhabituelles de d\u00e9tresse"}]},{"@type":"WebSite","@id":"https:\/\/stepstojustice.ca\/fr\/#website","url":"https:\/\/stepstojustice.ca\/fr\/","name":"Justice pas-\u00e0-pas","description":"Step-by-step information about legal problems","publisher":{"@id":"https:\/\/stepstojustice.ca\/fr\/#organization"},"potentialAction":[{"@type":"SearchAction","target":{"@type":"EntryPoint","urlTemplate":"https:\/\/stepstojustice.ca\/fr\/?s={search_term_string}"},"query-input":{"@type":"PropertyValueSpecification","valueRequired":true,"valueName":"search_term_string"}}],"inLanguage":"fr-FR"},{"@type":"Organization","@id":"https:\/\/stepstojustice.ca\/fr\/#organization","name":"Justice pas-\u00e0-pas","url":"https:\/\/stepstojustice.ca\/fr\/","logo":{"@type":"ImageObject","inLanguage":"fr-FR","@id":"https:\/\/stepstojustice.ca\/fr\/#\/schema\/logo\/image\/","url":"https:\/\/stepstojustice.ca\/wp-content\/uploads\/2020\/10\/logo-s2j.png","contentUrl":"https:\/\/stepstojustice.ca\/wp-content\/uploads\/2020\/10\/logo-s2j.png","width":1000,"height":146,"caption":"Justice pas-\u00e0-pas"},"image":{"@id":"https:\/\/stepstojustice.ca\/fr\/#\/schema\/logo\/image\/"},"sameAs":["https:\/\/www.facebook.com\/CLEOLegalRights\/","https:\/\/x.com\/CLEOLegalRights","https:\/\/www.instagram.com\/communitylegaleducationon\/"]},{"@type":"Person","@id":"https:\/\/stepstojustice.ca\/fr\/#\/schema\/person\/a5ba305efd9510a353f9a3f3ef918c09","name":"CLEO","image":{"@type":"ImageObject","inLanguage":"fr-FR","@id":"https:\/\/stepstojustice.ca\/fr\/#\/schema\/person\/image\/","url":"https:\/\/secure.gravatar.com\/avatar\/1ca94e85c3ccc165a31c5dc61eb4279e?s=96&d=mm&r=g","contentUrl":"https:\/\/secure.gravatar.com\/avatar\/1ca94e85c3ccc165a31c5dc61eb4279e?s=96&d=mm&r=g","caption":"CLEO"}}]}},"meta_box":{"blog_image_type":""},"_links":{"self":[{"href":"https:\/\/stepstojustice.ca\/fr\/wp-json\/wp\/v2\/post\/1180361","targetHints":{"allow":["GET"]}}],"collection":[{"href":"https:\/\/stepstojustice.ca\/fr\/wp-json\/wp\/v2\/post"}],"about":[{"href":"https:\/\/stepstojustice.ca\/fr\/wp-json\/wp\/v2\/types\/post"}],"author":[{"embeddable":true,"href":"https:\/\/stepstojustice.ca\/fr\/wp-json\/wp\/v2\/users\/3"}],"replies":[{"embeddable":true,"href":"https:\/\/stepstojustice.ca\/fr\/wp-json\/wp\/v2\/comments?post=1180361"}],"version-history":[{"count":0,"href":"https:\/\/stepstojustice.ca\/fr\/wp-json\/wp\/v2\/post\/1180361\/revisions"}],"wp:attachment":[{"href":"https:\/\/stepstojustice.ca\/fr\/wp-json\/wp\/v2\/media?parent=1180361"}],"wp:term":[{"taxonomy":"category","embeddable":true,"href":"https:\/\/stepstojustice.ca\/fr\/wp-json\/wp\/v2\/categories?post=1180361"},{"taxonomy":"post_tag","embeddable":true,"href":"https:\/\/stepstojustice.ca\/fr\/wp-json\/wp\/v2\/tags?post=1180361"},{"taxonomy":"legal-topic","embeddable":true,"href":"https:\/\/stepstojustice.ca\/fr\/wp-json\/wp\/v2\/legal-topic?post=1180361"}],"curies":[{"name":"wp","href":"https:\/\/api.w.org\/{rel}","templated":true}]}}