{"id":1240373,"date":"2022-06-21T09:24:31","date_gmt":"2022-06-21T13:24:31","guid":{"rendered":"https:\/\/stepstojustice.ca\/news\/new-child-protection-flowcharts\/"},"modified":"2022-06-21T09:27:49","modified_gmt":"2022-06-21T13:27:49","slug":"nouveaux-organigrammes-de-protection-de-lenfance","status":"publish","type":"post","link":"https:\/\/stepstojustice.ca\/fr\/news\/nouveaux-organigrammes-de-protection-de-lenfance\/","title":{"rendered":"Nouveaux organigrammes de protection de l&#8217;enfance"},"content":{"rendered":"<p>Les affaires de protection de l&#8217;enfance peuvent \u00eatre un processus long et d\u00e9routant. Les familles impliqu\u00e9es dans une affaire de protection de l&#8217;enfance doivent comprendre le processus, leurs droits et responsabilit\u00e9s.<\/p>\n<p>CLEO a \u00e9labor\u00e9 3 organigrammes qui expliquent ce qui se produit si la soci\u00e9t\u00e9 d&#8217;aide \u00e0 l&#8217;enfance :<\/p>\n<ul>\n<li><a href=\"\/fr\/resource\/que-se-passe-t-il-si-une-societe-daide-a-lenfance-recoit-un-signalement-concernant-votre-enfant\/\" target=\"_blank\" rel=\"noopener\">re\u00e7oit un signalement concernant un enfant<\/a><\/li>\n<li><a href=\"\/fr\/resource\/que-se-passe-t-il-si-la-sae-determine-que-mon-enfant-a-besoin-de-protection\/\" target=\"_blank\" rel=\"noopener\">d\u00e9cide qu&#8217;un enfant a besoin de protection<\/a><\/li>\n<li><a href=\"\/fr\/resource\/que-se-passe-t-il-si-la-sae-me-poursuit-en-justice%E2%80%AF\/\" target=\"_blank\" rel=\"noopener\">poursuit en justice le parent ou le tuteur de l&#8217;enfant<\/a><\/li>\n<\/ul>\n<p>Vous pouvez cliquer sur chaque case des organigrammes pour obtenir plus d&#8217;informations sur ce qui se produit \u00e0 chaque \u00e9tape du processus.<\/p>\n<p>Ils fournissent aussi des renseignements sur la fa\u00e7on d&#8217;obtenir de l&#8217;assistance juridique, ce qu&#8217;il faut faire si un enfant est Autochtone et comment porter plainte contre un pr\u00e9pos\u00e9 de la SAE.<\/p>\n<!-- AddThis Advanced Settings generic via filter on the_content --><!-- AddThis Share Buttons generic via filter on the_content -->","protected":false},"excerpt":{"rendered":"<p>Les affaires de protection de l&#8217;enfance peuvent \u00eatre un processus long et d\u00e9routant. Les familles impliqu\u00e9es dans une affaire de protection de l&#8217;enfance doivent comprendre le processus, leurs droits et responsabilit\u00e9s.<br \/>\nCLEO a \u00e9labor\u00e9 3 organigrammes qui expliquent ce qui se produit si la soci\u00e9t\u00e9 d&#8217;aide \u00e0 l&#8217;enfance :<\/p>\n<p><a href=\"\/fr\/resource\/que-se-passe-t-il-si-une-societe-daide-a-lenfance-recoit-un-signalement-concernant-votre-enfant\/\" target=\"_blank\" rel=\"noopener\">re\u00e7oit un signalement concernant un enfant<\/a><br \/>\n<a href=\"\/fr\/resource\/que-se-passe-t-il-si-la-sae-determine-que-mon-enfant-a-besoin-de-protection\/\" target=\"_blank\" rel=\"noopener\">d\u00e9cide qu&#8217;un enfant a besoin de protection<\/a><br \/>\n<a href=\"\/fr\/resource\/que-se-passe-t-il-si-la-sae-me-poursuit-en-justice%E2%80%AF\/\" target=\"_blank\" rel=\"noopener\">poursuit en justice le parent ou le tuteur de l&#8217;enfant<\/a><\/p>\n<p>Vous pouvez cliquer sur chaque case des organigrammes pour obtenir plus d&#8217;informations sur ce qui se produit \u00e0 chaque \u00e9tape du processus.<!-- AddThis Advanced Settings generic via filter on get_the_excerpt --><!-- AddThis Share Buttons generic via filter on get_the_excerpt --><\/p>\n","protected":false},"author":6,"featured_media":0,"comment_status":"closed","ping_status":"closed","sticky":false,"template":"","format":"standard","meta":{"ub_ctt_via":"","inline_featured_image":false,"footnotes":""},"categories":[39108],"tags":[],"legal-topic":[],"class_list":["post-1240373","post","type-post","status-publish","format-standard","hentry","category-actualites-de-justice-pas-a-pas"],"featured_image_src":null,"author_info":{"display_name":"Marianne Stephens","author_link":"https:\/\/stepstojustice.ca\/fr\/author\/mariannes\/"},"yoast_head":"<!-- This site is optimized with the Yoast SEO Premium plugin v23.9 (Yoast SEO v23.9) - https:\/\/yoast.com\/wordpress\/plugins\/seo\/ -->\n<title>Nouveaux organigrammes de protection de l&#039;enfance - Justice pas-\u00e0-pas<\/title>\n<meta name=\"description\" content=\"Les affaires de protection de l&#039;enfance peuvent \u00eatre un processus long et d\u00e9routant. Les familles impliqu\u00e9es dans une affaire de protection de l&#039;enfance\" \/>\n<meta name=\"robots\" content=\"index, follow, max-snippet:-1, max-image-preview:large, max-video-preview:-1\" \/>\n<link rel=\"canonical\" href=\"https:\/\/stepstojustice.ca\/fr\/news\/nouveaux-organigrammes-de-protection-de-lenfance\/\" \/>\n<meta property=\"og:locale\" content=\"fr_FR\" \/>\n<meta property=\"og:type\" content=\"article\" \/>\n<meta property=\"og:title\" content=\"Nouveaux organigrammes de protection de l&#039;enfance - Justice pas-\u00e0-pas\" \/>\n<meta property=\"og:description\" content=\"Les affaires de protection de l&#039;enfance peuvent \u00eatre un processus long et d\u00e9routant. Les familles impliqu\u00e9es dans une affaire de protection de l&#039;enfance\" \/>\n<meta property=\"og:url\" content=\"https:\/\/stepstojustice.ca\/fr\/news\/nouveaux-organigrammes-de-protection-de-lenfance\/\" \/>\n<meta property=\"og:site_name\" content=\"Justice pas-\u00e0-pas\" \/>\n<meta property=\"article:publisher\" content=\"https:\/\/www.facebook.com\/CLEOLegalRights\/\" \/>\n<meta property=\"article:published_time\" content=\"2022-06-21T13:24:31+00:00\" \/>\n<meta property=\"article:modified_time\" content=\"2022-06-21T13:27:49+00:00\" \/>\n<meta property=\"og:image\" content=\"https:\/\/stepstojustice.ca\/wp-content\/uploads\/Steps-to-Justice-logo.jpg\" \/>\n\t<meta property=\"og:image:width\" content=\"1200\" \/>\n\t<meta property=\"og:image:height\" content=\"650\" \/>\n\t<meta property=\"og:image:type\" content=\"image\/jpeg\" \/>\n<meta name=\"author\" content=\"Marianne Stephens\" \/>\n<meta name=\"twitter:card\" content=\"summary_large_image\" \/>\n<meta name=\"twitter:creator\" content=\"@CLEOLegalRights\" \/>\n<meta name=\"twitter:site\" content=\"@CLEOLegalRights\" \/>\n<meta name=\"twitter:label1\" content=\"Written by\" \/>\n\t<meta name=\"twitter:data1\" content=\"Marianne Stephens\" \/>\n\t<meta name=\"twitter:label2\" content=\"Est. reading time\" \/>\n\t<meta name=\"twitter:data2\" content=\"1 minute\" \/>\n<script type=\"application\/ld+json\" class=\"yoast-schema-graph\">{\"@context\":\"https:\/\/schema.org\",\"@graph\":[{\"@type\":\"Article\",\"@id\":\"https:\/\/stepstojustice.ca\/fr\/news\/nouveaux-organigrammes-de-protection-de-lenfance\/#article\",\"isPartOf\":{\"@id\":\"https:\/\/stepstojustice.ca\/fr\/news\/nouveaux-organigrammes-de-protection-de-lenfance\/\"},\"author\":{\"name\":\"Marianne Stephens\",\"@id\":\"https:\/\/stepstojustice.ca\/fr\/#\/schema\/person\/48a3360ee3e3773a0cbe0925afdf55e9\"},\"headline\":\"Nouveaux organigrammes de protection de l&#8217;enfance\",\"datePublished\":\"2022-06-21T13:24:31+00:00\",\"dateModified\":\"2022-06-21T13:27:49+00:00\",\"mainEntityOfPage\":{\"@id\":\"https:\/\/stepstojustice.ca\/fr\/news\/nouveaux-organigrammes-de-protection-de-lenfance\/\"},\"wordCount\":135,\"publisher\":{\"@id\":\"https:\/\/stepstojustice.ca\/fr\/#organization\"},\"articleSection\":[\"Actualit\u00e9s\u200b de Justice pas-\u00e0-pas\"],\"inLanguage\":\"fr-FR\"},{\"@type\":\"WebPage\",\"@id\":\"https:\/\/stepstojustice.ca\/fr\/news\/nouveaux-organigrammes-de-protection-de-lenfance\/\",\"url\":\"https:\/\/stepstojustice.ca\/fr\/news\/nouveaux-organigrammes-de-protection-de-lenfance\/\",\"name\":\"Nouveaux organigrammes de protection de l'enfance - Justice pas-\u00e0-pas\",\"isPartOf\":{\"@id\":\"https:\/\/stepstojustice.ca\/fr\/#website\"},\"datePublished\":\"2022-06-21T13:24:31+00:00\",\"dateModified\":\"2022-06-21T13:27:49+00:00\",\"description\":\"Les affaires de protection de l'enfance peuvent \u00eatre un processus long et d\u00e9routant. Les familles impliqu\u00e9es dans une affaire de protection de l'enfance\",\"breadcrumb\":{\"@id\":\"https:\/\/stepstojustice.ca\/fr\/news\/nouveaux-organigrammes-de-protection-de-lenfance\/#breadcrumb\"},\"inLanguage\":\"fr-FR\",\"potentialAction\":[{\"@type\":\"ReadAction\",\"target\":[\"https:\/\/stepstojustice.ca\/fr\/news\/nouveaux-organigrammes-de-protection-de-lenfance\/\"]}]},{\"@type\":\"BreadcrumbList\",\"@id\":\"https:\/\/stepstojustice.ca\/fr\/news\/nouveaux-organigrammes-de-protection-de-lenfance\/#breadcrumb\",\"itemListElement\":[{\"@type\":\"ListItem\",\"position\":1,\"name\":\"Home\",\"item\":\"https:\/\/stepstojustice.ca\/fr\/\"},{\"@type\":\"ListItem\",\"position\":2,\"name\":\"Nouveaux organigrammes de protection de l&#8217;enfance\"}]},{\"@type\":\"WebSite\",\"@id\":\"https:\/\/stepstojustice.ca\/fr\/#website\",\"url\":\"https:\/\/stepstojustice.ca\/fr\/\",\"name\":\"Justice pas-\u00e0-pas\",\"description\":\"Step-by-step information about legal problems\",\"publisher\":{\"@id\":\"https:\/\/stepstojustice.ca\/fr\/#organization\"},\"potentialAction\":[{\"@type\":\"SearchAction\",\"target\":{\"@type\":\"EntryPoint\",\"urlTemplate\":\"https:\/\/stepstojustice.ca\/fr\/?s={search_term_string}\"},\"query-input\":{\"@type\":\"PropertyValueSpecification\",\"valueRequired\":true,\"valueName\":\"search_term_string\"}}],\"inLanguage\":\"fr-FR\"},{\"@type\":\"Organization\",\"@id\":\"https:\/\/stepstojustice.ca\/fr\/#organization\",\"name\":\"Justice pas-\u00e0-pas\",\"url\":\"https:\/\/stepstojustice.ca\/fr\/\",\"logo\":{\"@type\":\"ImageObject\",\"inLanguage\":\"fr-FR\",\"@id\":\"https:\/\/stepstojustice.ca\/fr\/#\/schema\/logo\/image\/\",\"url\":\"https:\/\/stepstojustice.ca\/wp-content\/uploads\/2020\/10\/logo-s2j.png\",\"contentUrl\":\"https:\/\/stepstojustice.ca\/wp-content\/uploads\/2020\/10\/logo-s2j.png\",\"width\":1000,\"height\":146,\"caption\":\"Justice pas-\u00e0-pas\"},\"image\":{\"@id\":\"https:\/\/stepstojustice.ca\/fr\/#\/schema\/logo\/image\/\"},\"sameAs\":[\"https:\/\/www.facebook.com\/CLEOLegalRights\/\",\"https:\/\/x.com\/CLEOLegalRights\",\"https:\/\/www.instagram.com\/communitylegaleducationon\/\"]},{\"@type\":\"Person\",\"@id\":\"https:\/\/stepstojustice.ca\/fr\/#\/schema\/person\/48a3360ee3e3773a0cbe0925afdf55e9\",\"name\":\"Marianne Stephens\",\"image\":{\"@type\":\"ImageObject\",\"inLanguage\":\"fr-FR\",\"@id\":\"https:\/\/stepstojustice.ca\/fr\/#\/schema\/person\/image\/\",\"url\":\"https:\/\/secure.gravatar.com\/avatar\/2d215a9a25b0f3b66ba6bbc0d417aa95?s=96&d=mm&r=g\",\"contentUrl\":\"https:\/\/secure.gravatar.com\/avatar\/2d215a9a25b0f3b66ba6bbc0d417aa95?s=96&d=mm&r=g\",\"caption\":\"Marianne Stephens\"}}]}<\/script>\n<!-- \/ Yoast SEO Premium plugin. -->","yoast_head_json":{"title":"Nouveaux organigrammes de protection de l'enfance - Justice pas-\u00e0-pas","description":"Les affaires de protection de l'enfance peuvent \u00eatre un processus long et d\u00e9routant. Les familles impliqu\u00e9es dans une affaire de protection de l'enfance","robots":{"index":"index","follow":"follow","max-snippet":"max-snippet:-1","max-image-preview":"max-image-preview:large","max-video-preview":"max-video-preview:-1"},"canonical":"https:\/\/stepstojustice.ca\/fr\/news\/nouveaux-organigrammes-de-protection-de-lenfance\/","og_locale":"fr_FR","og_type":"article","og_title":"Nouveaux organigrammes de protection de l'enfance - Justice pas-\u00e0-pas","og_description":"Les affaires de protection de l'enfance peuvent \u00eatre un processus long et d\u00e9routant. Les familles impliqu\u00e9es dans une affaire de protection de l'enfance","og_url":"https:\/\/stepstojustice.ca\/fr\/news\/nouveaux-organigrammes-de-protection-de-lenfance\/","og_site_name":"Justice pas-\u00e0-pas","article_publisher":"https:\/\/www.facebook.com\/CLEOLegalRights\/","article_published_time":"2022-06-21T13:24:31+00:00","article_modified_time":"2022-06-21T13:27:49+00:00","og_image":[{"width":1200,"height":650,"url":"https:\/\/stepstojustice.ca\/wp-content\/uploads\/Steps-to-Justice-logo.jpg","type":"image\/jpeg"}],"author":"Marianne Stephens","twitter_card":"summary_large_image","twitter_creator":"@CLEOLegalRights","twitter_site":"@CLEOLegalRights","twitter_misc":{"Written by":"Marianne Stephens","Est. reading time":"1 minute"},"schema":{"@context":"https:\/\/schema.org","@graph":[{"@type":"Article","@id":"https:\/\/stepstojustice.ca\/fr\/news\/nouveaux-organigrammes-de-protection-de-lenfance\/#article","isPartOf":{"@id":"https:\/\/stepstojustice.ca\/fr\/news\/nouveaux-organigrammes-de-protection-de-lenfance\/"},"author":{"name":"Marianne Stephens","@id":"https:\/\/stepstojustice.ca\/fr\/#\/schema\/person\/48a3360ee3e3773a0cbe0925afdf55e9"},"headline":"Nouveaux organigrammes de protection de l&#8217;enfance","datePublished":"2022-06-21T13:24:31+00:00","dateModified":"2022-06-21T13:27:49+00:00","mainEntityOfPage":{"@id":"https:\/\/stepstojustice.ca\/fr\/news\/nouveaux-organigrammes-de-protection-de-lenfance\/"},"wordCount":135,"publisher":{"@id":"https:\/\/stepstojustice.ca\/fr\/#organization"},"articleSection":["Actualit\u00e9s\u200b de Justice pas-\u00e0-pas"],"inLanguage":"fr-FR"},{"@type":"WebPage","@id":"https:\/\/stepstojustice.ca\/fr\/news\/nouveaux-organigrammes-de-protection-de-lenfance\/","url":"https:\/\/stepstojustice.ca\/fr\/news\/nouveaux-organigrammes-de-protection-de-lenfance\/","name":"Nouveaux organigrammes de protection de l'enfance - Justice pas-\u00e0-pas","isPartOf":{"@id":"https:\/\/stepstojustice.ca\/fr\/#website"},"datePublished":"2022-06-21T13:24:31+00:00","dateModified":"2022-06-21T13:27:49+00:00","description":"Les affaires de protection de l'enfance peuvent \u00eatre un processus long et d\u00e9routant. Les familles impliqu\u00e9es dans une affaire de protection de l'enfance","breadcrumb":{"@id":"https:\/\/stepstojustice.ca\/fr\/news\/nouveaux-organigrammes-de-protection-de-lenfance\/#breadcrumb"},"inLanguage":"fr-FR","potentialAction":[{"@type":"ReadAction","target":["https:\/\/stepstojustice.ca\/fr\/news\/nouveaux-organigrammes-de-protection-de-lenfance\/"]}]},{"@type":"BreadcrumbList","@id":"https:\/\/stepstojustice.ca\/fr\/news\/nouveaux-organigrammes-de-protection-de-lenfance\/#breadcrumb","itemListElement":[{"@type":"ListItem","position":1,"name":"Home","item":"https:\/\/stepstojustice.ca\/fr\/"},{"@type":"ListItem","position":2,"name":"Nouveaux organigrammes de protection de l&#8217;enfance"}]},{"@type":"WebSite","@id":"https:\/\/stepstojustice.ca\/fr\/#website","url":"https:\/\/stepstojustice.ca\/fr\/","name":"Justice pas-\u00e0-pas","description":"Step-by-step information about legal problems","publisher":{"@id":"https:\/\/stepstojustice.ca\/fr\/#organization"},"potentialAction":[{"@type":"SearchAction","target":{"@type":"EntryPoint","urlTemplate":"https:\/\/stepstojustice.ca\/fr\/?s={search_term_string}"},"query-input":{"@type":"PropertyValueSpecification","valueRequired":true,"valueName":"search_term_string"}}],"inLanguage":"fr-FR"},{"@type":"Organization","@id":"https:\/\/stepstojustice.ca\/fr\/#organization","name":"Justice pas-\u00e0-pas","url":"https:\/\/stepstojustice.ca\/fr\/","logo":{"@type":"ImageObject","inLanguage":"fr-FR","@id":"https:\/\/stepstojustice.ca\/fr\/#\/schema\/logo\/image\/","url":"https:\/\/stepstojustice.ca\/wp-content\/uploads\/2020\/10\/logo-s2j.png","contentUrl":"https:\/\/stepstojustice.ca\/wp-content\/uploads\/2020\/10\/logo-s2j.png","width":1000,"height":146,"caption":"Justice pas-\u00e0-pas"},"image":{"@id":"https:\/\/stepstojustice.ca\/fr\/#\/schema\/logo\/image\/"},"sameAs":["https:\/\/www.facebook.com\/CLEOLegalRights\/","https:\/\/x.com\/CLEOLegalRights","https:\/\/www.instagram.com\/communitylegaleducationon\/"]},{"@type":"Person","@id":"https:\/\/stepstojustice.ca\/fr\/#\/schema\/person\/48a3360ee3e3773a0cbe0925afdf55e9","name":"Marianne Stephens","image":{"@type":"ImageObject","inLanguage":"fr-FR","@id":"https:\/\/stepstojustice.ca\/fr\/#\/schema\/person\/image\/","url":"https:\/\/secure.gravatar.com\/avatar\/2d215a9a25b0f3b66ba6bbc0d417aa95?s=96&d=mm&r=g","contentUrl":"https:\/\/secure.gravatar.com\/avatar\/2d215a9a25b0f3b66ba6bbc0d417aa95?s=96&d=mm&r=g","caption":"Marianne Stephens"}}]}},"meta_box":{"blog_image_type":"image-big"},"_links":{"self":[{"href":"https:\/\/stepstojustice.ca\/fr\/wp-json\/wp\/v2\/post\/1240373","targetHints":{"allow":["GET"]}}],"collection":[{"href":"https:\/\/stepstojustice.ca\/fr\/wp-json\/wp\/v2\/post"}],"about":[{"href":"https:\/\/stepstojustice.ca\/fr\/wp-json\/wp\/v2\/types\/post"}],"author":[{"embeddable":true,"href":"https:\/\/stepstojustice.ca\/fr\/wp-json\/wp\/v2\/users\/6"}],"replies":[{"embeddable":true,"href":"https:\/\/stepstojustice.ca\/fr\/wp-json\/wp\/v2\/comments?post=1240373"}],"version-history":[{"count":2,"href":"https:\/\/stepstojustice.ca\/fr\/wp-json\/wp\/v2\/post\/1240373\/revisions"}],"predecessor-version":[{"id":1240375,"href":"https:\/\/stepstojustice.ca\/fr\/wp-json\/wp\/v2\/post\/1240373\/revisions\/1240375"}],"wp:attachment":[{"href":"https:\/\/stepstojustice.ca\/fr\/wp-json\/wp\/v2\/media?parent=1240373"}],"wp:term":[{"taxonomy":"category","embeddable":true,"href":"https:\/\/stepstojustice.ca\/fr\/wp-json\/wp\/v2\/categories?post=1240373"},{"taxonomy":"post_tag","embeddable":true,"href":"https:\/\/stepstojustice.ca\/fr\/wp-json\/wp\/v2\/tags?post=1240373"},{"taxonomy":"legal-topic","embeddable":true,"href":"https:\/\/stepstojustice.ca\/fr\/wp-json\/wp\/v2\/legal-topic?post=1240373"}],"curies":[{"name":"wp","href":"https:\/\/api.w.org\/{rel}","templated":true}]}}