{"id":1242043,"date":"2022-08-04T14:28:26","date_gmt":"2022-08-04T18:28:26","guid":{"rendered":"https:\/\/stepstojustice.ca\/news\/cleos-on-the-radar-changes-to-sick-leave-and-layoff-rules-related-to-covid-19\/"},"modified":"2023-07-10T08:56:43","modified_gmt":"2023-07-10T12:56:43","slug":"cleos-on-the-radar-changes-to-sick-leave-and-layoff-rules-related-to-covid-19","status":"publish","type":"post","link":"https:\/\/stepstojustice.ca\/fr\/news\/cleos-on-the-radar-changes-to-sick-leave-and-layoff-rules-related-to-covid-19\/","title":{"rendered":"On the Radar de CLEO \u2013 Modifications aux r\u00e8gles sur les cong\u00e9s de maladie et les mises \u00e0 pied li\u00e9es \u00e0 la COVID-19"},"content":{"rendered":"<p>En juillet, le gouvernement de l&#8217;Ontario a apport\u00e9 de grands changements au programme de cong\u00e9 introduit en raison de la COVID-19. Ces changements sont pr\u00e9sent\u00e9s dans <a href=\"https:\/\/outreach.cleo.on.ca\/civicrm?civiwp=CiviCRM&amp;q=civicrm%2Fmailing%2Fview&amp;id=525\" target=\"_blank\" rel=\"noopener\">On the Radar<\/a> de ce mois. (seulement en anglais)<\/p>\n<!-- AddThis Advanced Settings generic via filter on the_content --><!-- AddThis Share Buttons generic via filter on the_content -->","protected":false},"excerpt":{"rendered":"<p>En juillet, le gouvernement de l&#8217;Ontario a apport\u00e9 de grands changements au programme de cong\u00e9 introduit en raison de la COVID-19. Ces changements sont pr\u00e9sent\u00e9s dans <a href=\"https:\/\/outreach.cleo.on.ca\/civicrm?civiwp=CiviCRM&amp;q=civicrm%2Fmailing%2Fview&amp;id=525\" target=\"_blank\" rel=\"noopener\">On the Radar<\/a> de ce mois. (seulement en anglais)<!-- AddThis Advanced Settings generic via filter on get_the_excerpt --><!-- AddThis Share Buttons generic via filter on get_the_excerpt --><\/p>\n","protected":false},"author":6,"featured_media":0,"comment_status":"closed","ping_status":"closed","sticky":false,"template":"","format":"standard","meta":{"ub_ctt_via":"","inline_featured_image":false,"footnotes":""},"categories":[39108],"tags":[],"legal-topic":[],"class_list":["post-1242043","post","type-post","status-publish","format-standard","hentry","category-actualites-de-justice-pas-a-pas"],"featured_image_src":null,"author_info":{"display_name":"Marianne Stephens","author_link":"https:\/\/stepstojustice.ca\/fr\/author\/mariannes\/"},"yoast_head":"<!-- This site is optimized with the Yoast SEO Premium plugin v23.9 (Yoast SEO v23.9) - https:\/\/yoast.com\/wordpress\/plugins\/seo\/ -->\n<title>On the Radar de CLEO \u2013 Modifications aux r\u00e8gles sur les cong\u00e9s de maladie et les mises \u00e0 pied li\u00e9es \u00e0 la COVID-19 - Justice pas-\u00e0-pas<\/title>\n<meta name=\"description\" content=\"En juillet, le gouvernement de l&#039;Ontario a apport\u00e9 de grands changements au programme de cong\u00e9 introduit en raison de la COVID-19. Ces changements sont\" \/>\n<meta name=\"robots\" content=\"index, follow, max-snippet:-1, max-image-preview:large, max-video-preview:-1\" \/>\n<link rel=\"canonical\" href=\"https:\/\/stepstojustice.ca\/fr\/news\/cleos-on-the-radar-changes-to-sick-leave-and-layoff-rules-related-to-covid-19\/\" \/>\n<meta property=\"og:locale\" content=\"fr_FR\" \/>\n<meta property=\"og:type\" content=\"article\" \/>\n<meta property=\"og:title\" content=\"On the Radar de CLEO \u2013 Modifications aux r\u00e8gles sur les cong\u00e9s de maladie et les mises \u00e0 pied li\u00e9es \u00e0 la COVID-19 - Justice pas-\u00e0-pas\" \/>\n<meta property=\"og:description\" content=\"En juillet, le gouvernement de l&#039;Ontario a apport\u00e9 de grands changements au programme de cong\u00e9 introduit en raison de la COVID-19. Ces changements sont\" \/>\n<meta property=\"og:url\" content=\"https:\/\/stepstojustice.ca\/fr\/news\/cleos-on-the-radar-changes-to-sick-leave-and-layoff-rules-related-to-covid-19\/\" \/>\n<meta property=\"og:site_name\" content=\"Justice pas-\u00e0-pas\" \/>\n<meta property=\"article:publisher\" content=\"https:\/\/www.facebook.com\/CLEOLegalRights\/\" \/>\n<meta property=\"article:published_time\" content=\"2022-08-04T18:28:26+00:00\" \/>\n<meta property=\"article:modified_time\" content=\"2023-07-10T12:56:43+00:00\" \/>\n<meta property=\"og:image\" content=\"https:\/\/stepstojustice.ca\/wp-content\/uploads\/Steps-to-Justice-logo.jpg\" \/>\n\t<meta property=\"og:image:width\" content=\"1200\" \/>\n\t<meta property=\"og:image:height\" content=\"650\" \/>\n\t<meta property=\"og:image:type\" content=\"image\/jpeg\" \/>\n<meta name=\"author\" content=\"Marianne Stephens\" \/>\n<meta name=\"twitter:card\" content=\"summary_large_image\" \/>\n<meta name=\"twitter:creator\" content=\"@CLEOLegalRights\" \/>\n<meta name=\"twitter:site\" content=\"@CLEOLegalRights\" \/>\n<meta name=\"twitter:label1\" content=\"Written by\" \/>\n\t<meta name=\"twitter:data1\" content=\"Marianne Stephens\" \/>\n\t<meta name=\"twitter:label2\" content=\"Est. reading time\" \/>\n\t<meta name=\"twitter:data2\" content=\"1 minute\" \/>\n<script type=\"application\/ld+json\" class=\"yoast-schema-graph\">{\"@context\":\"https:\/\/schema.org\",\"@graph\":[{\"@type\":\"Article\",\"@id\":\"https:\/\/stepstojustice.ca\/fr\/news\/cleos-on-the-radar-changes-to-sick-leave-and-layoff-rules-related-to-covid-19\/#article\",\"isPartOf\":{\"@id\":\"https:\/\/stepstojustice.ca\/fr\/news\/cleos-on-the-radar-changes-to-sick-leave-and-layoff-rules-related-to-covid-19\/\"},\"author\":{\"name\":\"Marianne Stephens\",\"@id\":\"https:\/\/stepstojustice.ca\/fr\/#\/schema\/person\/48a3360ee3e3773a0cbe0925afdf55e9\"},\"headline\":\"On the Radar de CLEO \u2013 Modifications aux r\u00e8gles sur les cong\u00e9s de maladie et les mises \u00e0 pied li\u00e9es \u00e0 la COVID-19\",\"datePublished\":\"2022-08-04T18:28:26+00:00\",\"dateModified\":\"2023-07-10T12:56:43+00:00\",\"mainEntityOfPage\":{\"@id\":\"https:\/\/stepstojustice.ca\/fr\/news\/cleos-on-the-radar-changes-to-sick-leave-and-layoff-rules-related-to-covid-19\/\"},\"wordCount\":60,\"publisher\":{\"@id\":\"https:\/\/stepstojustice.ca\/fr\/#organization\"},\"articleSection\":[\"Actualit\u00e9s\u200b de Justice pas-\u00e0-pas\"],\"inLanguage\":\"fr-FR\"},{\"@type\":\"WebPage\",\"@id\":\"https:\/\/stepstojustice.ca\/fr\/news\/cleos-on-the-radar-changes-to-sick-leave-and-layoff-rules-related-to-covid-19\/\",\"url\":\"https:\/\/stepstojustice.ca\/fr\/news\/cleos-on-the-radar-changes-to-sick-leave-and-layoff-rules-related-to-covid-19\/\",\"name\":\"On the Radar de CLEO \u2013 Modifications aux r\u00e8gles sur les cong\u00e9s de maladie et les mises \u00e0 pied li\u00e9es \u00e0 la COVID-19 - Justice pas-\u00e0-pas\",\"isPartOf\":{\"@id\":\"https:\/\/stepstojustice.ca\/fr\/#website\"},\"datePublished\":\"2022-08-04T18:28:26+00:00\",\"dateModified\":\"2023-07-10T12:56:43+00:00\",\"description\":\"En juillet, le gouvernement de l'Ontario a apport\u00e9 de grands changements au programme de cong\u00e9 introduit en raison de la COVID-19. Ces changements sont\",\"breadcrumb\":{\"@id\":\"https:\/\/stepstojustice.ca\/fr\/news\/cleos-on-the-radar-changes-to-sick-leave-and-layoff-rules-related-to-covid-19\/#breadcrumb\"},\"inLanguage\":\"fr-FR\",\"potentialAction\":[{\"@type\":\"ReadAction\",\"target\":[\"https:\/\/stepstojustice.ca\/fr\/news\/cleos-on-the-radar-changes-to-sick-leave-and-layoff-rules-related-to-covid-19\/\"]}]},{\"@type\":\"BreadcrumbList\",\"@id\":\"https:\/\/stepstojustice.ca\/fr\/news\/cleos-on-the-radar-changes-to-sick-leave-and-layoff-rules-related-to-covid-19\/#breadcrumb\",\"itemListElement\":[{\"@type\":\"ListItem\",\"position\":1,\"name\":\"Home\",\"item\":\"https:\/\/stepstojustice.ca\/fr\/\"},{\"@type\":\"ListItem\",\"position\":2,\"name\":\"On the Radar de CLEO \u2013 Modifications aux r\u00e8gles sur les cong\u00e9s de maladie et les mises \u00e0 pied li\u00e9es \u00e0 la COVID-19\"}]},{\"@type\":\"WebSite\",\"@id\":\"https:\/\/stepstojustice.ca\/fr\/#website\",\"url\":\"https:\/\/stepstojustice.ca\/fr\/\",\"name\":\"Justice pas-\u00e0-pas\",\"description\":\"Step-by-step information about legal problems\",\"publisher\":{\"@id\":\"https:\/\/stepstojustice.ca\/fr\/#organization\"},\"potentialAction\":[{\"@type\":\"SearchAction\",\"target\":{\"@type\":\"EntryPoint\",\"urlTemplate\":\"https:\/\/stepstojustice.ca\/fr\/?s={search_term_string}\"},\"query-input\":{\"@type\":\"PropertyValueSpecification\",\"valueRequired\":true,\"valueName\":\"search_term_string\"}}],\"inLanguage\":\"fr-FR\"},{\"@type\":\"Organization\",\"@id\":\"https:\/\/stepstojustice.ca\/fr\/#organization\",\"name\":\"Justice pas-\u00e0-pas\",\"url\":\"https:\/\/stepstojustice.ca\/fr\/\",\"logo\":{\"@type\":\"ImageObject\",\"inLanguage\":\"fr-FR\",\"@id\":\"https:\/\/stepstojustice.ca\/fr\/#\/schema\/logo\/image\/\",\"url\":\"https:\/\/stepstojustice.ca\/wp-content\/uploads\/2020\/10\/logo-s2j.png\",\"contentUrl\":\"https:\/\/stepstojustice.ca\/wp-content\/uploads\/2020\/10\/logo-s2j.png\",\"width\":1000,\"height\":146,\"caption\":\"Justice pas-\u00e0-pas\"},\"image\":{\"@id\":\"https:\/\/stepstojustice.ca\/fr\/#\/schema\/logo\/image\/\"},\"sameAs\":[\"https:\/\/www.facebook.com\/CLEOLegalRights\/\",\"https:\/\/x.com\/CLEOLegalRights\",\"https:\/\/www.instagram.com\/communitylegaleducationon\/\"]},{\"@type\":\"Person\",\"@id\":\"https:\/\/stepstojustice.ca\/fr\/#\/schema\/person\/48a3360ee3e3773a0cbe0925afdf55e9\",\"name\":\"Marianne Stephens\",\"image\":{\"@type\":\"ImageObject\",\"inLanguage\":\"fr-FR\",\"@id\":\"https:\/\/stepstojustice.ca\/fr\/#\/schema\/person\/image\/\",\"url\":\"https:\/\/secure.gravatar.com\/avatar\/2d215a9a25b0f3b66ba6bbc0d417aa95?s=96&d=mm&r=g\",\"contentUrl\":\"https:\/\/secure.gravatar.com\/avatar\/2d215a9a25b0f3b66ba6bbc0d417aa95?s=96&d=mm&r=g\",\"caption\":\"Marianne Stephens\"}}]}<\/script>\n<!-- \/ Yoast SEO Premium plugin. -->","yoast_head_json":{"title":"On the Radar de CLEO \u2013 Modifications aux r\u00e8gles sur les cong\u00e9s de maladie et les mises \u00e0 pied li\u00e9es \u00e0 la COVID-19 - Justice pas-\u00e0-pas","description":"En juillet, le gouvernement de l'Ontario a apport\u00e9 de grands changements au programme de cong\u00e9 introduit en raison de la COVID-19. Ces changements sont","robots":{"index":"index","follow":"follow","max-snippet":"max-snippet:-1","max-image-preview":"max-image-preview:large","max-video-preview":"max-video-preview:-1"},"canonical":"https:\/\/stepstojustice.ca\/fr\/news\/cleos-on-the-radar-changes-to-sick-leave-and-layoff-rules-related-to-covid-19\/","og_locale":"fr_FR","og_type":"article","og_title":"On the Radar de CLEO \u2013 Modifications aux r\u00e8gles sur les cong\u00e9s de maladie et les mises \u00e0 pied li\u00e9es \u00e0 la COVID-19 - Justice pas-\u00e0-pas","og_description":"En juillet, le gouvernement de l'Ontario a apport\u00e9 de grands changements au programme de cong\u00e9 introduit en raison de la COVID-19. Ces changements sont","og_url":"https:\/\/stepstojustice.ca\/fr\/news\/cleos-on-the-radar-changes-to-sick-leave-and-layoff-rules-related-to-covid-19\/","og_site_name":"Justice pas-\u00e0-pas","article_publisher":"https:\/\/www.facebook.com\/CLEOLegalRights\/","article_published_time":"2022-08-04T18:28:26+00:00","article_modified_time":"2023-07-10T12:56:43+00:00","og_image":[{"width":1200,"height":650,"url":"https:\/\/stepstojustice.ca\/wp-content\/uploads\/Steps-to-Justice-logo.jpg","type":"image\/jpeg"}],"author":"Marianne Stephens","twitter_card":"summary_large_image","twitter_creator":"@CLEOLegalRights","twitter_site":"@CLEOLegalRights","twitter_misc":{"Written by":"Marianne Stephens","Est. reading time":"1 minute"},"schema":{"@context":"https:\/\/schema.org","@graph":[{"@type":"Article","@id":"https:\/\/stepstojustice.ca\/fr\/news\/cleos-on-the-radar-changes-to-sick-leave-and-layoff-rules-related-to-covid-19\/#article","isPartOf":{"@id":"https:\/\/stepstojustice.ca\/fr\/news\/cleos-on-the-radar-changes-to-sick-leave-and-layoff-rules-related-to-covid-19\/"},"author":{"name":"Marianne Stephens","@id":"https:\/\/stepstojustice.ca\/fr\/#\/schema\/person\/48a3360ee3e3773a0cbe0925afdf55e9"},"headline":"On the Radar de CLEO \u2013 Modifications aux r\u00e8gles sur les cong\u00e9s de maladie et les mises \u00e0 pied li\u00e9es \u00e0 la COVID-19","datePublished":"2022-08-04T18:28:26+00:00","dateModified":"2023-07-10T12:56:43+00:00","mainEntityOfPage":{"@id":"https:\/\/stepstojustice.ca\/fr\/news\/cleos-on-the-radar-changes-to-sick-leave-and-layoff-rules-related-to-covid-19\/"},"wordCount":60,"publisher":{"@id":"https:\/\/stepstojustice.ca\/fr\/#organization"},"articleSection":["Actualit\u00e9s\u200b de Justice pas-\u00e0-pas"],"inLanguage":"fr-FR"},{"@type":"WebPage","@id":"https:\/\/stepstojustice.ca\/fr\/news\/cleos-on-the-radar-changes-to-sick-leave-and-layoff-rules-related-to-covid-19\/","url":"https:\/\/stepstojustice.ca\/fr\/news\/cleos-on-the-radar-changes-to-sick-leave-and-layoff-rules-related-to-covid-19\/","name":"On the Radar de CLEO \u2013 Modifications aux r\u00e8gles sur les cong\u00e9s de maladie et les mises \u00e0 pied li\u00e9es \u00e0 la COVID-19 - Justice pas-\u00e0-pas","isPartOf":{"@id":"https:\/\/stepstojustice.ca\/fr\/#website"},"datePublished":"2022-08-04T18:28:26+00:00","dateModified":"2023-07-10T12:56:43+00:00","description":"En juillet, le gouvernement de l'Ontario a apport\u00e9 de grands changements au programme de cong\u00e9 introduit en raison de la COVID-19. Ces changements sont","breadcrumb":{"@id":"https:\/\/stepstojustice.ca\/fr\/news\/cleos-on-the-radar-changes-to-sick-leave-and-layoff-rules-related-to-covid-19\/#breadcrumb"},"inLanguage":"fr-FR","potentialAction":[{"@type":"ReadAction","target":["https:\/\/stepstojustice.ca\/fr\/news\/cleos-on-the-radar-changes-to-sick-leave-and-layoff-rules-related-to-covid-19\/"]}]},{"@type":"BreadcrumbList","@id":"https:\/\/stepstojustice.ca\/fr\/news\/cleos-on-the-radar-changes-to-sick-leave-and-layoff-rules-related-to-covid-19\/#breadcrumb","itemListElement":[{"@type":"ListItem","position":1,"name":"Home","item":"https:\/\/stepstojustice.ca\/fr\/"},{"@type":"ListItem","position":2,"name":"On the Radar de CLEO \u2013 Modifications aux r\u00e8gles sur les cong\u00e9s de maladie et les mises \u00e0 pied li\u00e9es \u00e0 la COVID-19"}]},{"@type":"WebSite","@id":"https:\/\/stepstojustice.ca\/fr\/#website","url":"https:\/\/stepstojustice.ca\/fr\/","name":"Justice pas-\u00e0-pas","description":"Step-by-step information about legal problems","publisher":{"@id":"https:\/\/stepstojustice.ca\/fr\/#organization"},"potentialAction":[{"@type":"SearchAction","target":{"@type":"EntryPoint","urlTemplate":"https:\/\/stepstojustice.ca\/fr\/?s={search_term_string}"},"query-input":{"@type":"PropertyValueSpecification","valueRequired":true,"valueName":"search_term_string"}}],"inLanguage":"fr-FR"},{"@type":"Organization","@id":"https:\/\/stepstojustice.ca\/fr\/#organization","name":"Justice pas-\u00e0-pas","url":"https:\/\/stepstojustice.ca\/fr\/","logo":{"@type":"ImageObject","inLanguage":"fr-FR","@id":"https:\/\/stepstojustice.ca\/fr\/#\/schema\/logo\/image\/","url":"https:\/\/stepstojustice.ca\/wp-content\/uploads\/2020\/10\/logo-s2j.png","contentUrl":"https:\/\/stepstojustice.ca\/wp-content\/uploads\/2020\/10\/logo-s2j.png","width":1000,"height":146,"caption":"Justice pas-\u00e0-pas"},"image":{"@id":"https:\/\/stepstojustice.ca\/fr\/#\/schema\/logo\/image\/"},"sameAs":["https:\/\/www.facebook.com\/CLEOLegalRights\/","https:\/\/x.com\/CLEOLegalRights","https:\/\/www.instagram.com\/communitylegaleducationon\/"]},{"@type":"Person","@id":"https:\/\/stepstojustice.ca\/fr\/#\/schema\/person\/48a3360ee3e3773a0cbe0925afdf55e9","name":"Marianne Stephens","image":{"@type":"ImageObject","inLanguage":"fr-FR","@id":"https:\/\/stepstojustice.ca\/fr\/#\/schema\/person\/image\/","url":"https:\/\/secure.gravatar.com\/avatar\/2d215a9a25b0f3b66ba6bbc0d417aa95?s=96&d=mm&r=g","contentUrl":"https:\/\/secure.gravatar.com\/avatar\/2d215a9a25b0f3b66ba6bbc0d417aa95?s=96&d=mm&r=g","caption":"Marianne Stephens"}}]}},"meta_box":{"blog_image_type":"image-big"},"_links":{"self":[{"href":"https:\/\/stepstojustice.ca\/fr\/wp-json\/wp\/v2\/post\/1242043","targetHints":{"allow":["GET"]}}],"collection":[{"href":"https:\/\/stepstojustice.ca\/fr\/wp-json\/wp\/v2\/post"}],"about":[{"href":"https:\/\/stepstojustice.ca\/fr\/wp-json\/wp\/v2\/types\/post"}],"author":[{"embeddable":true,"href":"https:\/\/stepstojustice.ca\/fr\/wp-json\/wp\/v2\/users\/6"}],"replies":[{"embeddable":true,"href":"https:\/\/stepstojustice.ca\/fr\/wp-json\/wp\/v2\/comments?post=1242043"}],"version-history":[{"count":3,"href":"https:\/\/stepstojustice.ca\/fr\/wp-json\/wp\/v2\/post\/1242043\/revisions"}],"predecessor-version":[{"id":1253681,"href":"https:\/\/stepstojustice.ca\/fr\/wp-json\/wp\/v2\/post\/1242043\/revisions\/1253681"}],"wp:attachment":[{"href":"https:\/\/stepstojustice.ca\/fr\/wp-json\/wp\/v2\/media?parent=1242043"}],"wp:term":[{"taxonomy":"category","embeddable":true,"href":"https:\/\/stepstojustice.ca\/fr\/wp-json\/wp\/v2\/categories?post=1242043"},{"taxonomy":"post_tag","embeddable":true,"href":"https:\/\/stepstojustice.ca\/fr\/wp-json\/wp\/v2\/tags?post=1242043"},{"taxonomy":"legal-topic","embeddable":true,"href":"https:\/\/stepstojustice.ca\/fr\/wp-json\/wp\/v2\/legal-topic?post=1242043"}],"curies":[{"name":"wp","href":"https:\/\/api.w.org\/{rel}","templated":true}]}}